{"id":167527,"date":"2023-08-10T11:13:43","date_gmt":"2023-08-10T09:13:43","guid":{"rendered":"https:\/\/www.wildlifephotographer.se\/blog\/?p=167527"},"modified":"2025-11-27T14:25:58","modified_gmt":"2025-11-27T13:25:58","slug":"full-fart-i-ugan","status":"publish","type":"post","link":"https:\/\/www.wildlifephotographer.se\/blog\/2023\/08\/full-fart-i-ugan\/","title":{"rendered":"Full fart i Ugan&#8230;"},"content":{"rendered":"<p>Ugan \u00e4r en \u00e5 som kommer fr\u00e5n Lill-Ugsi i \u00c4lvdalen och rinner ner i \u00d6sterdal\u00e4lven vid \u00c5sfors strax nedstr\u00f6ms Lill\u00e5sen. Normalt f\u00f6rs det mesta vattnet fr\u00e5n Lill-Ugsi ner till ett vattenkraftverk via en l\u00e5ng tub. Kraftverket ligger vid Rv70 i Lill\u00e5sen. Bilden \u00e4r tagen i tisdags kv\u00e4ll p\u00e5 samma runda som fallet vid Yxsmeden<\/p>\n<div id=\"attachment_167530\" style=\"width: 511px\" class=\"wp-caption aligncenter\"><a href=\"https:\/\/www.wildlifephotographer.se\/blog\/wp-content\/uploads10\/2023\/08\/elobe_720360.jpg\"><img loading=\"lazy\" decoding=\"async\" aria-describedby=\"caption-attachment-167530\" class=\"size-large wp-image-167530\" src=\"https:\/\/www.wildlifephotographer.se\/blog\/wp-content\/uploads10\/2023\/08\/elobe_720360-501x640.jpg\" alt=\"\u00c5sforsen i Ugan\" width=\"501\" height=\"640\" srcset=\"https:\/\/www.wildlifephotographer.se\/blog\/wp-content\/uploads10\/2023\/08\/elobe_720360-501x640.jpg 501w, https:\/\/www.wildlifephotographer.se\/blog\/wp-content\/uploads10\/2023\/08\/elobe_720360-235x300.jpg 235w, https:\/\/www.wildlifephotographer.se\/blog\/wp-content\/uploads10\/2023\/08\/elobe_720360-157x200.jpg 157w, https:\/\/www.wildlifephotographer.se\/blog\/wp-content\/uploads10\/2023\/08\/elobe_720360-75x96.jpg 75w, https:\/\/www.wildlifephotographer.se\/blog\/wp-content\/uploads10\/2023\/08\/elobe_720360.jpg 940w\" sizes=\"auto, (max-width: 501px) 100vw, 501px\" \/><\/a><p id=\"caption-attachment-167530\" class=\"wp-caption-text\"><span style=\"display:block; color:#888; font-size:small; font-weight:normal;\">Canon EOS 5D Mark IV (16mm, f\/4.5, 1\/13 sec, ISO100)<br><\/span> \u00c5sforsen i Ugan<\/p><\/div>\n","protected":false},"excerpt":{"rendered":"<p>Ugan \u00e4r en \u00e5 som kommer fr\u00e5n Lill-Ugsi i \u00c4lvdalen och rinner ner i \u00d6sterdal\u00e4lven vid \u00c5sfors strax nedstr\u00f6ms Lill\u00e5sen. Normalt f\u00f6rs det mesta vattnet fr\u00e5n Lill-Ugsi ner till ett vattenkraftverk via en l\u00e5ng tub. Kraftverket ligger vid Rv70 i Lill\u00e5sen. Bilden \u00e4r tagen i tisdags kv\u00e4ll p\u00e5 samma runda som fallet vid Yxsmeden<\/p>\n","protected":false},"author":2,"featured_media":167531,"comment_status":"open","ping_status":"closed","sticky":false,"template":"","format":"standard","meta":{"_seopress_titles_title":"","_seopress_titles_desc":"","_seopress_robots_index":"","_seopress_robots_follow":"","_seopress_robots_imageindex":"","_seopress_robots_snippet":"","_seopress_robots_primary_cat":"none","_seopress_robots_breadcrumbs":"","_seopress_robots_freeze_modified_date":"","_seopress_robots_custom_modified_date":"","_seopress_robots_canonical":"","_seopress_social_fb_title":"","_seopress_social_fb_desc":"","_seopress_social_fb_img":"","_seopress_social_fb_img_attachment_id":0,"_seopress_social_fb_img_width":0,"_seopress_social_fb_img_height":0,"_seopress_social_twitter_title":"","_seopress_social_twitter_desc":"","_seopress_social_twitter_img":"","_seopress_social_twitter_img_attachment_id":0,"_seopress_social_twitter_img_width":0,"_seopress_social_twitter_img_height":0,"_seopress_redirections_value":"","_seopress_redirections_enabled":"","_seopress_redirections_enabled_regex":"","_seopress_redirections_logged_status":"both","_seopress_redirections_param":"","_seopress_redirections_type":301,"_seopress_analysis_target_kw":"","_seopress_news_disabled":"","_seopress_video_disabled":"","_seopress_video":[],"_seopress_pro_schemas_manual":[],"_seopress_pro_rich_snippets_disable_all":"","_seopress_pro_rich_snippets_disable":[],"_seopress_pro_schemas":[],"footnotes":""},"categories":[261,563,1393,7,49],"tags":[307,567,1695,1699],"class_list":["post-167527","post","type-post","status-publish","format-standard","has-post-thumbnail","hentry","category-singles","category-art","category-black-white","category-rinnande-vatten","category-summer","tag-alvdalen","tag-konst","tag-sommarflod","tag-ugan","category-261-id","category-563-id","category-1393-id","category-7-id","category-49-id","post-seq-1","post-parity-odd","meta-position-corners","fix"],"_links":{"self":[{"href":"https:\/\/www.wildlifephotographer.se\/blog\/wp-json\/wp\/v2\/posts\/167527","targetHints":{"allow":["GET"]}}],"collection":[{"href":"https:\/\/www.wildlifephotographer.se\/blog\/wp-json\/wp\/v2\/posts"}],"about":[{"href":"https:\/\/www.wildlifephotographer.se\/blog\/wp-json\/wp\/v2\/types\/post"}],"author":[{"embeddable":true,"href":"https:\/\/www.wildlifephotographer.se\/blog\/wp-json\/wp\/v2\/users\/2"}],"replies":[{"embeddable":true,"href":"https:\/\/www.wildlifephotographer.se\/blog\/wp-json\/wp\/v2\/comments?post=167527"}],"version-history":[{"count":3,"href":"https:\/\/www.wildlifephotographer.se\/blog\/wp-json\/wp\/v2\/posts\/167527\/revisions"}],"predecessor-version":[{"id":167533,"href":"https:\/\/www.wildlifephotographer.se\/blog\/wp-json\/wp\/v2\/posts\/167527\/revisions\/167533"}],"wp:featuredmedia":[{"embeddable":true,"href":"https:\/\/www.wildlifephotographer.se\/blog\/wp-json\/wp\/v2\/media\/167531"}],"wp:attachment":[{"href":"https:\/\/www.wildlifephotographer.se\/blog\/wp-json\/wp\/v2\/media?parent=167527"}],"wp:term":[{"taxonomy":"category","embeddable":true,"href":"https:\/\/www.wildlifephotographer.se\/blog\/wp-json\/wp\/v2\/categories?post=167527"},{"taxonomy":"post_tag","embeddable":true,"href":"https:\/\/www.wildlifephotographer.se\/blog\/wp-json\/wp\/v2\/tags?post=167527"}],"curies":[{"name":"wp","href":"https:\/\/api.w.org\/{rel}","templated":true}]}}