{"id":167280,"date":"2023-06-02T13:21:55","date_gmt":"2023-06-02T11:21:55","guid":{"rendered":"https:\/\/www.wildlifephotographer.se\/blog\/?p=167280"},"modified":"2023-06-02T13:34:38","modified_gmt":"2023-06-02T11:34:38","slug":"maj-2023-pdf-edition","status":"publish","type":"post","link":"https:\/\/www.wildlifephotographer.se\/blog\/2023\/06\/maj-2023-pdf-edition\/","title":{"rendered":"Maj 2023 &#8211; PDF Edition"},"content":{"rendered":"<div id=\"attachment_167205\" style=\"width: 650px\" class=\"wp-caption aligncenter\"><a href=\"https:\/\/www.wildlifephotographer.se\/blog\/wp-content\/uploads10\/2023\/05\/elobe_719616.jpg\"><img loading=\"lazy\" decoding=\"async\" aria-describedby=\"caption-attachment-167205\" class=\"size-large wp-image-167205\" src=\"https:\/\/www.wildlifephotographer.se\/blog\/wp-content\/uploads10\/2023\/05\/elobe_719616-640x388.jpg\" alt=\"Vaket...\" width=\"640\" height=\"388\" srcset=\"https:\/\/www.wildlifephotographer.se\/blog\/wp-content\/uploads10\/2023\/05\/elobe_719616-640x388.jpg 640w, https:\/\/www.wildlifephotographer.se\/blog\/wp-content\/uploads10\/2023\/05\/elobe_719616-300x182.jpg 300w, https:\/\/www.wildlifephotographer.se\/blog\/wp-content\/uploads10\/2023\/05\/elobe_719616-200x121.jpg 200w, https:\/\/www.wildlifephotographer.se\/blog\/wp-content\/uploads10\/2023\/05\/elobe_719616-1536x930.jpg 1536w, https:\/\/www.wildlifephotographer.se\/blog\/wp-content\/uploads10\/2023\/05\/elobe_719616-96x58.jpg 96w, https:\/\/www.wildlifephotographer.se\/blog\/wp-content\/uploads10\/2023\/05\/elobe_719616.jpg 1800w\" sizes=\"auto, (max-width: 640px) 100vw, 640px\" \/><\/a><p id=\"caption-attachment-167205\" class=\"wp-caption-text\"><span style=\"display:block; color:#888; font-size:small; font-weight:normal;\">Canon EOS 7D Mark II (100mm, f\/7.1, 1\/400 sec, ISO400)<br><\/span> Vaket&#8230;<\/p><\/div>\n<p style=\"text-align: center;\">Med maj kom v\u00e5ren \u00e4ntligen till hembygden \u00e4ven om det blev n\u00e5t bakslag med sn\u00f6 17 maj samt lite allm\u00e4nt kallt d\u00e5 och d\u00e5. V\u00e5rblommorna b\u00f6rjade titta fram h\u00e4r och d\u00e4r men flyktf\u00e5glarna var det lite sparsamt med.<\/p>\n<p style=\"text-align: center;\">Ladda hem, skriv ev ut, och l\u00e4s mer i pdf-utg\u00e5van<br \/>\n<a href=\"https:\/\/www.wildlifephotographer.se\/blog\/wp-content\/uploads10\/kalins-pdf\/Maj_2023_-_PDF_Edition.pdf\" target=\"_blank\" rel=\"noopener\"><strong>Maj 2023 &#8211; PDF Edition<\/strong><\/a><br \/>\n<div id='ad-hoc-1' class='custom-class warea'>\n<!-- widget start --><aside id=\"suf-featured-posts-30\" class=\"widget-suf-featured-posts suf-widget suf-widget-1c\"><div id=\"suf-featured-posts-30-fc\" class=\"featured-content index-hidden  pager-numbers fix\">\t<div id=\"suf-featured-posts-30-slider\" class=\"slider fix clear\" style='max-height: 209px;'>\t\t<ul id=\"suf-featured-posts-30-sliderContent\" class=\"sliderContent fix clear\" style='max-height: 209px;'><li class=\"sliderImage sliderimage-left  \" style='height: 209px; '><a href=\"https:\/\/www.wildlifephotographer.se\/blog\/2026\/07\/en-trevlig-cykeltur\/\"   class=''><img decoding=\"async\" src=\"https:\/\/www.wildlifephotographer.se\/blog\/wp-content\/uploads10\/thumb-cache\/elobe_26-001509-b4fe5ebf2d31b433620e84eaea1267f9-300x0-80-crop.jpg\" alt=\"En trevlig cykeltur\" class=\"featured-excerpt-left\"\/><\/a><div class=\"left\"  style=' background: #000000; color: #AAAAAA;  width: 380px; ' ><p><ins><a href=\"https:\/\/www.wildlifephotographer.se\/blog\/2026\/07\/en-trevlig-cykeltur\/\" class='featured-content-title' style='color: #CCCCCC;'>En trevlig cykeltur<\/a><\/ins><\/p><p>Det h\u00e4nder typ alltid n\u00e5t sp\u00e4nnande och trevligt n\u00e4r man \u00e4r ute och e-hojar runt om i skog och bygd hemmavid. Under kv\u00e4llens tur om <a href='https:\/\/www.wildlifephotographer.se\/blog\/2026\/07\/en-trevlig-cykeltur\/' class='excerpt-more'>&#8230;L\u00e4s mer<\/a><\/p>\n<\/div><\/li>\t\t<\/ul>\t<\/div><\/div>    <script type=\"text\/javascript\">\r\n        \/* <![CDATA[ *\/\r\n        $j = jQuery.noConflict();\r\n        $j(document).ready(function() {\r\n\t\t\tvar responsiveSlideShow = new ResponsiveSlideShow($j('#suf-featured-posts-30-slider'), '#suf-featured-posts-30-sliderContent', {\r\n\t\t\t\tfx: 'fade',\r\n\t\t\t\ttimeout: ,\r\n\t\t\t\tspeed: ,\r\n\t\t\t\tpause: 1,\r\n\t\t\t\tsync: 0,\r\n\t\t\t\tpager: '#suf-featured-posts-30-sliderPager',\r\n\t\t\t\tprev: 'a.sliderPrev',\r\n\t\t\t\tnext: 'a.sliderNext',\r\n\t\t\t\tslideResize: 0,\r\n\t\t\t\tpagerAnchorBuilder: function (idx, slide) {\r\n\t\t\t\t\tvar anchor;\r\n\t\t\t\t\tif ('numbers' == 'numbers') {\r\n\t\t\t\t\t\tanchor = (idx + 1);\r\n\t\t\t\t\t}\r\n\t\t\t\t\telse {\r\n\t\t\t\t\t\tanchor = '&nbsp;';\r\n\t\t\t\t\t}\r\n\t\t\t\t\treturn '<a href=\"#\">' + anchor + '<\/a>';\r\n\t\t\t\t}\r\n\t\t\t});\r\n\r\n\t\t\t$j(window).bind('resize', function() {\r\n\t\t\t\tresponsiveSlideShow.update();\r\n\t\t\t\t$j('.controller-icons #suf-featured-posts-30-sliderControl').css({\r\n\t\t\t\t\ttop: '-' + ($j('#suf-featured-posts-30-sliderContent').height() \/ 2) + 'px'\r\n\t\t\t\t});\r\n\t\t\t});\r\n\t\t\t$j(window).trigger('resize');\r\n\r\n            $j('#suf-featured-posts-30-fc a.sliderPause').click(\r\n                function() {\r\n                    if ($j(this).text() == 'Pause') {\r\n                        $j('#suf-featured-posts-30-sliderContent').cycle('pause');\r\n                        $j('#suf-featured-posts-30-fc a.sliderPause').addClass('activeSlide');\r\n                        $j(this).text('Resume');\r\n                    }\r\n                    else {\r\n                        $j('#suf-featured-posts-30-sliderContent').cycle('resume');\r\n                        $j('#suf-featured-posts-30-fc a.sliderPause').removeClass('activeSlide');\r\n                        $j(this).text('Pause');\r\n                    }\r\n                    return false;\r\n                }\r\n            );\r\n        });\r\n        \/* ]]> *\/\r\n    <\/script>\r\n        <\/aside><!-- widget end --><\/div>\n<\/p>\n<p><center>Med \u00f6nskan om en trevlig l\u00e4sning! \/Leif Bength<\/center><\/p>\n","protected":false},"excerpt":{"rendered":"<p>Med maj kom v\u00e5ren \u00e4ntligen till hembygden \u00e4ven om det blev n\u00e5t bakslag med sn\u00f6 17 maj samt lite allm\u00e4nt kallt d\u00e5 och d\u00e5. V\u00e5rblommorna <a href='https:\/\/www.wildlifephotographer.se\/blog\/2026\/07\/en-trevlig-cykeltur\/' class='excerpt-more'>&#8230;L\u00e4s mer<\/a><\/p>\n","protected":false},"author":2,"featured_media":167205,"comment_status":"closed","ping_status":"closed","sticky":false,"template":"","format":"standard","meta":{"_seopress_titles_title":"","_seopress_titles_desc":"","_seopress_robots_index":"","_seopress_robots_follow":"","_seopress_robots_imageindex":"","_seopress_robots_snippet":"","_seopress_robots_primary_cat":"none","_seopress_robots_breadcrumbs":"","_seopress_robots_freeze_modified_date":"","_seopress_robots_custom_modified_date":"","_seopress_robots_canonical":"","_seopress_social_fb_title":"","_seopress_social_fb_desc":"","_seopress_social_fb_img":"","_seopress_social_fb_img_attachment_id":0,"_seopress_social_fb_img_width":0,"_seopress_social_fb_img_height":0,"_seopress_social_twitter_title":"","_seopress_social_twitter_desc":"","_seopress_social_twitter_img":"","_seopress_social_twitter_img_attachment_id":0,"_seopress_social_twitter_img_width":0,"_seopress_social_twitter_img_height":0,"_seopress_redirections_value":"","_seopress_redirections_enabled":"","_seopress_redirections_enabled_regex":"","_seopress_redirections_logged_status":"both","_seopress_redirections_param":"","_seopress_redirections_type":301,"_seopress_analysis_target_kw":"","_seopress_news_disabled":"","_seopress_video_disabled":"","_seopress_video":[],"_seopress_pro_schemas_manual":[],"_seopress_pro_rich_snippets_disable_all":"","_seopress_pro_rich_snippets_disable":[],"_seopress_pro_schemas":[],"footnotes":""},"categories":[165],"tags":[323],"class_list":["post-167280","post","type-post","status-publish","format-standard","has-post-thumbnail","hentry","category-pdf-edition","tag-pdf-utgava","category-570-id","category-173-id","category-49-id","category-6-id","post-seq-1","post-parity-odd","meta-position-corners","fix"],"_links":{"self":[{"href":"https:\/\/www.wildlifephotographer.se\/blog\/wp-json\/wp\/v2\/posts\/167280","targetHints":{"allow":["GET"]}}],"collection":[{"href":"https:\/\/www.wildlifephotographer.se\/blog\/wp-json\/wp\/v2\/posts"}],"about":[{"href":"https:\/\/www.wildlifephotographer.se\/blog\/wp-json\/wp\/v2\/types\/post"}],"author":[{"embeddable":true,"href":"https:\/\/www.wildlifephotographer.se\/blog\/wp-json\/wp\/v2\/users\/2"}],"replies":[{"embeddable":true,"href":"https:\/\/www.wildlifephotographer.se\/blog\/wp-json\/wp\/v2\/comments?post=167280"}],"version-history":[{"count":3,"href":"https:\/\/www.wildlifephotographer.se\/blog\/wp-json\/wp\/v2\/posts\/167280\/revisions"}],"predecessor-version":[{"id":167285,"href":"https:\/\/www.wildlifephotographer.se\/blog\/wp-json\/wp\/v2\/posts\/167280\/revisions\/167285"}],"wp:featuredmedia":[{"embeddable":true,"href":"https:\/\/www.wildlifephotographer.se\/blog\/wp-json\/wp\/v2\/media\/167205"}],"wp:attachment":[{"href":"https:\/\/www.wildlifephotographer.se\/blog\/wp-json\/wp\/v2\/media?parent=167280"}],"wp:term":[{"taxonomy":"category","embeddable":true,"href":"https:\/\/www.wildlifephotographer.se\/blog\/wp-json\/wp\/v2\/categories?post=167280"},{"taxonomy":"post_tag","embeddable":true,"href":"https:\/\/www.wildlifephotographer.se\/blog\/wp-json\/wp\/v2\/tags?post=167280"}],"curies":[{"name":"wp","href":"https:\/\/api.w.org\/{rel}","templated":true}]}}