{"id":166570,"date":"2022-11-19T13:06:37","date_gmt":"2022-11-19T12:06:37","guid":{"rendered":"https:\/\/www.wildlifephotographer.se\/blog\/?p=166570"},"modified":"2025-12-02T13:31:09","modified_gmt":"2025-12-02T12:31:09","slug":"svavar","status":"publish","type":"post","link":"https:\/\/www.wildlifephotographer.se\/blog\/2022\/11\/svavar\/","title":{"rendered":"Sv\u00e4var"},"content":{"rendered":"<p>Nu b\u00f6rjar en sp\u00e4nnande tid med isar som v\u00e4xer till p\u00e5 stenar och klippor allt efter som vintern drar in&#8230;<\/p>\n<div id=\"attachment_166571\" style=\"width: 650px\" class=\"wp-caption aligncenter\"><a href=\"https:\/\/www.wildlifephotographer.se\/blog\/wp-content\/uploads10\/2022\/11\/elobe_718564.jpg\"><img loading=\"lazy\" decoding=\"async\" aria-describedby=\"caption-attachment-166571\" class=\"size-large wp-image-166571\" src=\"https:\/\/www.wildlifephotographer.se\/blog\/wp-content\/uploads10\/2022\/11\/elobe_718564-640x427.jpg\" alt=\"Sv\u00e4var\" width=\"640\" height=\"427\" srcset=\"https:\/\/www.wildlifephotographer.se\/blog\/wp-content\/uploads10\/2022\/11\/elobe_718564-640x427.jpg 640w, https:\/\/www.wildlifephotographer.se\/blog\/wp-content\/uploads10\/2022\/11\/elobe_718564-300x200.jpg 300w, https:\/\/www.wildlifephotographer.se\/blog\/wp-content\/uploads10\/2022\/11\/elobe_718564-200x133.jpg 200w, https:\/\/www.wildlifephotographer.se\/blog\/wp-content\/uploads10\/2022\/11\/elobe_718564-1536x1024.jpg 1536w, https:\/\/www.wildlifephotographer.se\/blog\/wp-content\/uploads10\/2022\/11\/elobe_718564-96x64.jpg 96w, https:\/\/www.wildlifephotographer.se\/blog\/wp-content\/uploads10\/2022\/11\/elobe_718564.jpg 1800w\" sizes=\"auto, (max-width: 640px) 100vw, 640px\" \/><\/a><p id=\"caption-attachment-166571\" class=\"wp-caption-text\"><span style=\"display:block; color:#888; font-size:small; font-weight:normal;\">Canon EOS 5D Mark IV (120mm, f\/5, 1\/15 sec, ISO100)<br><\/span> Sv\u00e4var<\/p><\/div>\n","protected":false},"excerpt":{"rendered":"<p>Nu b\u00f6rjar en sp\u00e4nnande tid med isar som v\u00e4xer till p\u00e5 stenar och klippor allt efter som vintern drar in&#8230;<\/p>\n","protected":false},"author":2,"featured_media":166571,"comment_status":"open","ping_status":"closed","sticky":false,"template":"","format":"standard","meta":{"_seopress_titles_title":"","_seopress_titles_desc":"","_seopress_robots_index":"","_seopress_robots_follow":"","_seopress_robots_imageindex":"","_seopress_robots_snippet":"","_seopress_robots_primary_cat":"none","_seopress_robots_breadcrumbs":"","_seopress_robots_freeze_modified_date":"","_seopress_robots_custom_modified_date":"","_seopress_robots_canonical":"","_seopress_social_fb_title":"","_seopress_social_fb_desc":"","_seopress_social_fb_img":"","_seopress_social_fb_img_attachment_id":0,"_seopress_social_fb_img_width":0,"_seopress_social_fb_img_height":0,"_seopress_social_twitter_title":"","_seopress_social_twitter_desc":"","_seopress_social_twitter_img":"","_seopress_social_twitter_img_attachment_id":0,"_seopress_social_twitter_img_width":0,"_seopress_social_twitter_img_height":0,"_seopress_redirections_value":"","_seopress_redirections_enabled":"","_seopress_redirections_enabled_regex":"","_seopress_redirections_logged_status":"both","_seopress_redirections_param":"","_seopress_redirections_type":301,"_seopress_analysis_target_kw":"","_seopress_news_disabled":"","_seopress_video_disabled":"","_seopress_video":[],"_seopress_pro_schemas_manual":[],"_seopress_pro_rich_snippets_disable_all":"","_seopress_pro_rich_snippets_disable":[],"_seopress_pro_schemas":[],"footnotes":""},"categories":[575,563,4,7,12,32],"tags":[1843,367,567,448,117],"class_list":["post-166570","post","type-post","status-publish","format-standard","has-post-thumbnail","hentry","category-hd-stories","category-art","category-geddtjenn","category-rinnande-vatten","category-winter","category-winterwater","tag-geddtjenn","tag-geddtjennbacken","tag-konst","tag-vinter","tag-vintervatten","category-575-id","category-563-id","category-4-id","category-7-id","category-12-id","category-32-id","post-seq-1","post-parity-odd","meta-position-corners","fix"],"_links":{"self":[{"href":"https:\/\/www.wildlifephotographer.se\/blog\/wp-json\/wp\/v2\/posts\/166570","targetHints":{"allow":["GET"]}}],"collection":[{"href":"https:\/\/www.wildlifephotographer.se\/blog\/wp-json\/wp\/v2\/posts"}],"about":[{"href":"https:\/\/www.wildlifephotographer.se\/blog\/wp-json\/wp\/v2\/types\/post"}],"author":[{"embeddable":true,"href":"https:\/\/www.wildlifephotographer.se\/blog\/wp-json\/wp\/v2\/users\/2"}],"replies":[{"embeddable":true,"href":"https:\/\/www.wildlifephotographer.se\/blog\/wp-json\/wp\/v2\/comments?post=166570"}],"version-history":[{"count":2,"href":"https:\/\/www.wildlifephotographer.se\/blog\/wp-json\/wp\/v2\/posts\/166570\/revisions"}],"predecessor-version":[{"id":166573,"href":"https:\/\/www.wildlifephotographer.se\/blog\/wp-json\/wp\/v2\/posts\/166570\/revisions\/166573"}],"wp:featuredmedia":[{"embeddable":true,"href":"https:\/\/www.wildlifephotographer.se\/blog\/wp-json\/wp\/v2\/media\/166571"}],"wp:attachment":[{"href":"https:\/\/www.wildlifephotographer.se\/blog\/wp-json\/wp\/v2\/media?parent=166570"}],"wp:term":[{"taxonomy":"category","embeddable":true,"href":"https:\/\/www.wildlifephotographer.se\/blog\/wp-json\/wp\/v2\/categories?post=166570"},{"taxonomy":"post_tag","embeddable":true,"href":"https:\/\/www.wildlifephotographer.se\/blog\/wp-json\/wp\/v2\/tags?post=166570"}],"curies":[{"name":"wp","href":"https:\/\/api.w.org\/{rel}","templated":true}]}}