{"id":164733,"date":"2021-08-22T13:41:02","date_gmt":"2021-08-22T11:41:02","guid":{"rendered":"https:\/\/www.wildlifephotographer.se\/blog\/?p=164733"},"modified":"2025-11-29T08:14:14","modified_gmt":"2025-11-29T07:14:14","slug":"avslojad","status":"publish","type":"post","link":"https:\/\/www.wildlifephotographer.se\/blog\/2021\/08\/avslojad\/","title":{"rendered":"Avsl\u00f6jad&#8230;"},"content":{"rendered":"<p>I juni 2011 lyckades jag smyga mig p\u00e5 en hornuggla, troligtvis en hona. Varje g\u00e5ng jag var ute och gick med kameran i samma skogsparti hemmavid visade hon villigt upp sig f\u00f6r att locka mig bort fr\u00e5n sina tv\u00e5 ungar. En g\u00e5ng v\u00e4grade jag g\u00e5 p\u00e5 hennes finter och gick \u00e5t motsatt h\u00e5ll och g\u00f6mde mig bakom en dunge med t\u00e4ta unggranar. D\u00e5 b\u00f6rjade hon ist\u00e4llet att leta efter mig bland granarna d\u00e4r jag stod beredd med kameran. N\u00e4r hon sen fick syn p\u00e5 mig sp\u00e4nde hon verkligen \u00f6gonen i mig&#8230;<\/p>\n<div id=\"attachment_164734\" style=\"width: 650px\" class=\"wp-caption aligncenter\"><a href=\"https:\/\/www.wildlifephotographer.se\/blog\/wp-content\/uploads10\/2021\/08\/elobe_40844.jpg\"><img loading=\"lazy\" decoding=\"async\" aria-describedby=\"caption-attachment-164734\" class=\"size-large wp-image-164734\" src=\"https:\/\/www.wildlifephotographer.se\/blog\/wp-content\/uploads10\/2021\/08\/elobe_40844-640x427.jpg\" alt=\"Hornugglan\" width=\"640\" height=\"427\" srcset=\"https:\/\/www.wildlifephotographer.se\/blog\/wp-content\/uploads10\/2021\/08\/elobe_40844-640x427.jpg 640w, https:\/\/www.wildlifephotographer.se\/blog\/wp-content\/uploads10\/2021\/08\/elobe_40844-300x200.jpg 300w, https:\/\/www.wildlifephotographer.se\/blog\/wp-content\/uploads10\/2021\/08\/elobe_40844-200x133.jpg 200w, https:\/\/www.wildlifephotographer.se\/blog\/wp-content\/uploads10\/2021\/08\/elobe_40844-96x64.jpg 96w, https:\/\/www.wildlifephotographer.se\/blog\/wp-content\/uploads10\/2021\/08\/elobe_40844.jpg 1500w\" sizes=\"auto, (max-width: 640px) 100vw, 640px\" \/><\/a><p id=\"caption-attachment-164734\" class=\"wp-caption-text\"><span style=\"display:block; color:#888; font-size:small; font-weight:normal;\">Canon EOS 7D (400mm, f\/5.6, 1\/250 sec, ISO1600)<br><\/span> Hornugglan<\/p><\/div>\n<p>&nbsp;<\/p>\n","protected":false},"excerpt":{"rendered":"<p>I juni 2011 lyckades jag smyga mig p\u00e5 en hornuggla, troligtvis en hona. Varje g\u00e5ng jag var ute och gick med kameran i samma skogsparti hemmavid visade hon villigt upp sig f\u00f6r att locka mig bort fr\u00e5n sina tv\u00e5 ungar. En g\u00e5ng v\u00e4grade jag g\u00e5 p\u00e5 hennes finter och gick \u00e5t motsatt h\u00e5ll och g\u00f6mde <a href='https:\/\/www.wildlifephotographer.se\/blog\/2021\/08\/avslojad\/' class='excerpt-more'>&#8230;L\u00e4s mer<\/a><\/p>\n","protected":false},"author":2,"featured_media":164734,"comment_status":"open","ping_status":"closed","sticky":false,"template":"","format":"standard","meta":{"_seopress_titles_title":"","_seopress_titles_desc":"","_seopress_robots_index":"","_seopress_robots_follow":"","_seopress_robots_imageindex":"","_seopress_robots_snippet":"","_seopress_robots_primary_cat":"","_seopress_robots_breadcrumbs":"","_seopress_robots_freeze_modified_date":"","_seopress_robots_custom_modified_date":"","_seopress_robots_canonical":"","_seopress_social_fb_title":"","_seopress_social_fb_desc":"","_seopress_social_fb_img":"","_seopress_social_fb_img_attachment_id":0,"_seopress_social_fb_img_width":0,"_seopress_social_fb_img_height":0,"_seopress_social_twitter_title":"","_seopress_social_twitter_desc":"","_seopress_social_twitter_img":"","_seopress_social_twitter_img_attachment_id":0,"_seopress_social_twitter_img_width":0,"_seopress_social_twitter_img_height":0,"_seopress_redirections_value":"","_seopress_redirections_enabled":"","_seopress_redirections_enabled_regex":"","_seopress_redirections_logged_status":"","_seopress_redirections_param":"","_seopress_redirections_type":0,"_seopress_analysis_target_kw":"","_seopress_news_disabled":"","_seopress_video_disabled":"","_seopress_video":[],"_seopress_pro_schemas_manual":[],"_seopress_pro_rich_snippets_disable_all":"","_seopress_pro_rich_snippets_disable":[],"_seopress_pro_schemas":[],"footnotes":""},"categories":[570,3,173,169,49],"tags":[1421,147,636,70],"class_list":["post-164733","post","type-post","status-publish","format-standard","has-post-thumbnail","hentry","category-carpe-mente","category-vilda-faglar","category-forests-and-landscapes","category-raptors","category-summer","tag-hornuggla","tag-rovfaglar","tag-sommar","tag-vamhus","category-570-id","category-3-id","category-173-id","category-169-id","category-49-id","post-seq-1","post-parity-odd","meta-position-corners","fix"],"_links":{"self":[{"href":"https:\/\/www.wildlifephotographer.se\/blog\/wp-json\/wp\/v2\/posts\/164733","targetHints":{"allow":["GET"]}}],"collection":[{"href":"https:\/\/www.wildlifephotographer.se\/blog\/wp-json\/wp\/v2\/posts"}],"about":[{"href":"https:\/\/www.wildlifephotographer.se\/blog\/wp-json\/wp\/v2\/types\/post"}],"author":[{"embeddable":true,"href":"https:\/\/www.wildlifephotographer.se\/blog\/wp-json\/wp\/v2\/users\/2"}],"replies":[{"embeddable":true,"href":"https:\/\/www.wildlifephotographer.se\/blog\/wp-json\/wp\/v2\/comments?post=164733"}],"version-history":[{"count":2,"href":"https:\/\/www.wildlifephotographer.se\/blog\/wp-json\/wp\/v2\/posts\/164733\/revisions"}],"predecessor-version":[{"id":164736,"href":"https:\/\/www.wildlifephotographer.se\/blog\/wp-json\/wp\/v2\/posts\/164733\/revisions\/164736"}],"wp:featuredmedia":[{"embeddable":true,"href":"https:\/\/www.wildlifephotographer.se\/blog\/wp-json\/wp\/v2\/media\/164734"}],"wp:attachment":[{"href":"https:\/\/www.wildlifephotographer.se\/blog\/wp-json\/wp\/v2\/media?parent=164733"}],"wp:term":[{"taxonomy":"category","embeddable":true,"href":"https:\/\/www.wildlifephotographer.se\/blog\/wp-json\/wp\/v2\/categories?post=164733"},{"taxonomy":"post_tag","embeddable":true,"href":"https:\/\/www.wildlifephotographer.se\/blog\/wp-json\/wp\/v2\/tags?post=164733"}],"curies":[{"name":"wp","href":"https:\/\/api.w.org\/{rel}","templated":true}]}}