{"id":159748,"date":"2019-09-26T12:16:08","date_gmt":"2019-09-26T10:16:08","guid":{"rendered":"https:\/\/www.wildlifephotographer.se\/blog\/?p=159748"},"modified":"2025-11-29T08:21:04","modified_gmt":"2025-11-29T07:21:04","slug":"guldberget","status":"publish","type":"post","link":"https:\/\/www.wildlifephotographer.se\/blog\/2019\/09\/guldberget\/","title":{"rendered":"Guldberget&#8230;"},"content":{"rendered":"<p>P\u00e5 v\u00e4gen \u00f6ver K\u00f6len mellan Mitt\u00e5dalen och Fun\u00e4sdalen, ungef\u00e4r vid Lill\u00e5svallen, visar detta vackra berg upp sig i h\u00e4rlig h\u00f6stskrud varje \u00e5r i slutet av september&#8230;<\/p>\n<div id=\"attachment_159749\" style=\"width: 650px\" class=\"wp-caption aligncenter\"><a href=\"https:\/\/www.wildlifephotographer.se\/blog\/wp-content\/uploads10\/2019\/09\/elobe_705234.jpg\"><img loading=\"lazy\" decoding=\"async\" aria-describedby=\"caption-attachment-159749\" class=\"wp-image-159749 size-large\" src=\"https:\/\/www.wildlifephotographer.se\/blog\/wp-content\/uploads10\/2019\/09\/elobe_705234-640x426.jpg\" alt=\"H\u00f6stguld\" width=\"640\" height=\"426\" srcset=\"https:\/\/www.wildlifephotographer.se\/blog\/wp-content\/uploads10\/2019\/09\/elobe_705234-640x426.jpg 640w, https:\/\/www.wildlifephotographer.se\/blog\/wp-content\/uploads10\/2019\/09\/elobe_705234-200x133.jpg 200w, https:\/\/www.wildlifephotographer.se\/blog\/wp-content\/uploads10\/2019\/09\/elobe_705234-300x200.jpg 300w, https:\/\/www.wildlifephotographer.se\/blog\/wp-content\/uploads10\/2019\/09\/elobe_705234-96x64.jpg 96w, https:\/\/www.wildlifephotographer.se\/blog\/wp-content\/uploads10\/2019\/09\/elobe_705234-150x100.jpg 150w, https:\/\/www.wildlifephotographer.se\/blog\/wp-content\/uploads10\/2019\/09\/elobe_705234.jpg 1250w\" sizes=\"auto, (max-width: 640px) 100vw, 640px\" \/><\/a><p id=\"caption-attachment-159749\" class=\"wp-caption-text\"><span style=\"display:block; color:#888; font-size:small; font-weight:normal;\">Canon EOS 5D Mark III (29mm, f\/8, 1\/60 sec, ISO100)<br><\/span> H\u00f6stguld<\/p><\/div>\n<p>&nbsp;<\/p>\n","protected":false},"excerpt":{"rendered":"<p>P\u00e5 v\u00e4gen \u00f6ver K\u00f6len mellan Mitt\u00e5dalen och Fun\u00e4sdalen, ungef\u00e4r vid Lill\u00e5svallen, visar detta vackra berg upp sig i h\u00e4rlig h\u00f6stskrud varje \u00e5r i slutet av september&#8230; &nbsp;<\/p>\n","protected":false},"author":2,"featured_media":159749,"comment_status":"open","ping_status":"closed","sticky":false,"template":"","format":"standard","meta":{"_seopress_titles_title":"","_seopress_titles_desc":"","_seopress_robots_index":"","_seopress_robots_follow":"","_seopress_robots_imageindex":"","_seopress_robots_snippet":"","_seopress_robots_primary_cat":"","_seopress_robots_breadcrumbs":"","_seopress_robots_freeze_modified_date":"","_seopress_robots_custom_modified_date":"","_seopress_robots_canonical":"","_seopress_social_fb_title":"","_seopress_social_fb_desc":"","_seopress_social_fb_img":"","_seopress_social_fb_img_attachment_id":0,"_seopress_social_fb_img_width":0,"_seopress_social_fb_img_height":0,"_seopress_social_twitter_title":"","_seopress_social_twitter_desc":"","_seopress_social_twitter_img":"","_seopress_social_twitter_img_attachment_id":0,"_seopress_social_twitter_img_width":0,"_seopress_social_twitter_img_height":0,"_seopress_redirections_value":"","_seopress_redirections_enabled":"","_seopress_redirections_enabled_regex":"","_seopress_redirections_logged_status":"","_seopress_redirections_param":"","_seopress_redirections_type":0,"_seopress_analysis_target_kw":"","_seopress_news_disabled":"","_seopress_video_disabled":"","_seopress_video":[],"_seopress_pro_schemas_manual":[],"_seopress_pro_rich_snippets_disable_all":"","_seopress_pro_rich_snippets_disable":[],"_seopress_pro_schemas":[],"footnotes":""},"categories":[179,10,174,173,36],"tags":[1155,110,1183,449],"class_list":["post-159748","post","type-post","status-publish","format-standard","has-post-thumbnail","hentry","category-top-stories","category-host","category-flowers-and-plants","category-forests-and-landscapes","category-mountains","tag-harjedalen","tag-hosten","tag-hostfarger","tag-kolen","category-179-id","category-10-id","category-174-id","category-173-id","category-36-id","post-seq-1","post-parity-odd","meta-position-corners","fix"],"_links":{"self":[{"href":"https:\/\/www.wildlifephotographer.se\/blog\/wp-json\/wp\/v2\/posts\/159748","targetHints":{"allow":["GET"]}}],"collection":[{"href":"https:\/\/www.wildlifephotographer.se\/blog\/wp-json\/wp\/v2\/posts"}],"about":[{"href":"https:\/\/www.wildlifephotographer.se\/blog\/wp-json\/wp\/v2\/types\/post"}],"author":[{"embeddable":true,"href":"https:\/\/www.wildlifephotographer.se\/blog\/wp-json\/wp\/v2\/users\/2"}],"replies":[{"embeddable":true,"href":"https:\/\/www.wildlifephotographer.se\/blog\/wp-json\/wp\/v2\/comments?post=159748"}],"version-history":[{"count":2,"href":"https:\/\/www.wildlifephotographer.se\/blog\/wp-json\/wp\/v2\/posts\/159748\/revisions"}],"predecessor-version":[{"id":159751,"href":"https:\/\/www.wildlifephotographer.se\/blog\/wp-json\/wp\/v2\/posts\/159748\/revisions\/159751"}],"wp:featuredmedia":[{"embeddable":true,"href":"https:\/\/www.wildlifephotographer.se\/blog\/wp-json\/wp\/v2\/media\/159749"}],"wp:attachment":[{"href":"https:\/\/www.wildlifephotographer.se\/blog\/wp-json\/wp\/v2\/media?parent=159748"}],"wp:term":[{"taxonomy":"category","embeddable":true,"href":"https:\/\/www.wildlifephotographer.se\/blog\/wp-json\/wp\/v2\/categories?post=159748"},{"taxonomy":"post_tag","embeddable":true,"href":"https:\/\/www.wildlifephotographer.se\/blog\/wp-json\/wp\/v2\/tags?post=159748"}],"curies":[{"name":"wp","href":"https:\/\/api.w.org\/{rel}","templated":true}]}}