{"id":158206,"date":"2018-07-06T09:08:56","date_gmt":"2018-07-06T07:08:56","guid":{"rendered":"http:\/\/www.wildlifephotographer.se\/blog\/?p=158206"},"modified":"2025-11-29T08:23:51","modified_gmt":"2025-11-29T07:23:51","slug":"gronbenan","status":"publish","type":"post","link":"https:\/\/www.wildlifephotographer.se\/blog\/2018\/07\/gronbenan\/","title":{"rendered":"Gr\u00f6nbenan"},"content":{"rendered":"<p>En trevlig gr\u00f6nbena gjorde mig s\u00e4llskap p\u00e5 Flatruet&#8230;<\/p>\n<div id=\"attachment_158029\" style=\"width: 650px\" class=\"wp-caption aligncenter\"><a href=\"http:\/\/www.wildlifephotographer.se\/blog\/wp-content\/uploads10\/2018\/07\/elobe_698114.jpg\"><img loading=\"lazy\" decoding=\"async\" aria-describedby=\"caption-attachment-158029\" class=\"size-large wp-image-158029\" src=\"http:\/\/www.wildlifephotographer.se\/blog\/wp-content\/uploads10\/2018\/07\/elobe_698114-640x426.jpg\" alt=\"\" width=\"640\" height=\"426\" srcset=\"https:\/\/www.wildlifephotographer.se\/blog\/wp-content\/uploads10\/2018\/07\/elobe_698114-640x426.jpg 640w, https:\/\/www.wildlifephotographer.se\/blog\/wp-content\/uploads10\/2018\/07\/elobe_698114-200x133.jpg 200w, https:\/\/www.wildlifephotographer.se\/blog\/wp-content\/uploads10\/2018\/07\/elobe_698114-300x200.jpg 300w, https:\/\/www.wildlifephotographer.se\/blog\/wp-content\/uploads10\/2018\/07\/elobe_698114-96x64.jpg 96w, https:\/\/www.wildlifephotographer.se\/blog\/wp-content\/uploads10\/2018\/07\/elobe_698114-150x100.jpg 150w, https:\/\/www.wildlifephotographer.se\/blog\/wp-content\/uploads10\/2018\/07\/elobe_698114.jpg 1250w\" sizes=\"auto, (max-width: 640px) 100vw, 640px\" \/><\/a><p id=\"caption-attachment-158029\" class=\"wp-caption-text\"><span style=\"display:block; color:#888; font-size:small; font-weight:normal;\">Canon EOS 7D Mark II (400mm, f\/11, 1\/640 sec, ISO400)<br><\/span> Gr\u00f6nbena<\/p><\/div>\n","protected":false},"excerpt":{"rendered":"<p>En trevlig gr\u00f6nbena gjorde mig s\u00e4llskap p\u00e5 Flatruet&#8230;<\/p>\n","protected":false},"author":2,"featured_media":0,"comment_status":"open","ping_status":"closed","sticky":false,"template":"","format":"standard","meta":{"_seopress_titles_title":"","_seopress_titles_desc":"","_seopress_robots_index":"","_seopress_robots_follow":"","_seopress_robots_imageindex":"","_seopress_robots_snippet":"","_seopress_robots_primary_cat":"","_seopress_robots_breadcrumbs":"","_seopress_robots_freeze_modified_date":"","_seopress_robots_custom_modified_date":"","_seopress_robots_canonical":"","_seopress_social_fb_title":"","_seopress_social_fb_desc":"","_seopress_social_fb_img":"","_seopress_social_fb_img_attachment_id":0,"_seopress_social_fb_img_width":0,"_seopress_social_fb_img_height":0,"_seopress_social_twitter_title":"","_seopress_social_twitter_desc":"","_seopress_social_twitter_img":"","_seopress_social_twitter_img_attachment_id":0,"_seopress_social_twitter_img_width":0,"_seopress_social_twitter_img_height":0,"_seopress_redirections_value":"","_seopress_redirections_enabled":"","_seopress_redirections_enabled_regex":"","_seopress_redirections_logged_status":"","_seopress_redirections_param":"","_seopress_redirections_type":0,"_seopress_analysis_target_kw":"","_seopress_news_disabled":"","_seopress_video_disabled":"","_seopress_video":[],"_seopress_pro_schemas_manual":[],"_seopress_pro_rich_snippets_disable_all":"","_seopress_pro_rich_snippets_disable":[],"_seopress_pro_schemas":[],"footnotes":""},"categories":[991,3,49],"tags":[218,962,636],"class_list":["post-158206","post","type-post","status-publish","format-standard","hentry","category-4thb","category-vilda-faglar","category-summer","tag-flatruet","tag-gronbena","tag-sommar","category-991-id","category-3-id","category-49-id","post-seq-1","post-parity-odd","meta-position-corners","fix"],"_links":{"self":[{"href":"https:\/\/www.wildlifephotographer.se\/blog\/wp-json\/wp\/v2\/posts\/158206","targetHints":{"allow":["GET"]}}],"collection":[{"href":"https:\/\/www.wildlifephotographer.se\/blog\/wp-json\/wp\/v2\/posts"}],"about":[{"href":"https:\/\/www.wildlifephotographer.se\/blog\/wp-json\/wp\/v2\/types\/post"}],"author":[{"embeddable":true,"href":"https:\/\/www.wildlifephotographer.se\/blog\/wp-json\/wp\/v2\/users\/2"}],"replies":[{"embeddable":true,"href":"https:\/\/www.wildlifephotographer.se\/blog\/wp-json\/wp\/v2\/comments?post=158206"}],"version-history":[{"count":2,"href":"https:\/\/www.wildlifephotographer.se\/blog\/wp-json\/wp\/v2\/posts\/158206\/revisions"}],"predecessor-version":[{"id":158208,"href":"https:\/\/www.wildlifephotographer.se\/blog\/wp-json\/wp\/v2\/posts\/158206\/revisions\/158208"}],"wp:attachment":[{"href":"https:\/\/www.wildlifephotographer.se\/blog\/wp-json\/wp\/v2\/media?parent=158206"}],"wp:term":[{"taxonomy":"category","embeddable":true,"href":"https:\/\/www.wildlifephotographer.se\/blog\/wp-json\/wp\/v2\/categories?post=158206"},{"taxonomy":"post_tag","embeddable":true,"href":"https:\/\/www.wildlifephotographer.se\/blog\/wp-json\/wp\/v2\/tags?post=158206"}],"curies":[{"name":"wp","href":"https:\/\/api.w.org\/{rel}","templated":true}]}}